{"id":962,"date":"2009-10-26T12:31:01","date_gmt":"2009-10-26T12:31:01","guid":{"rendered":"http:\/\/www.baumeaucoeur-cosmetique.com\/?p=962"},"modified":"2012-01-16T19:02:29","modified_gmt":"2012-01-16T17:02:29","slug":"soins-des-levres-bise-dautomne","status":"publish","type":"post","link":"https:\/\/www.faitesmaison.com\/index.php\/2009\/10\/soins-des-levres-bise-dautomne\/","title":{"rendered":"Soins des l\u00e8vres &quot;bise d&#8217;automne&quot;"},"content":{"rendered":"<p><span style=\"color: #888888;\">Depuis que l&#8217;automne est finalement \u00e0 nos portes j&#8217;ai les l\u00e8vres toutes s\u00e8ches.\u00a0 Le vent, les changements de temp\u00e9ratures&#8230; tout cela est pour cause dans l&#8217;\u00e9tat de celles ci.\u00a0 Voici donc une recette toute simple et terriblement gourmande pour vos l\u00e8vres !<\/span><\/p>\n<p><span style=\"color: #888888;\">2 g cire de candelilla<br \/>\n4 g hv de prune (hydratante)<br \/>\n2.5 g beurre de Tucuma (protecteur)<br \/>\n1 goutte vitamine E<br \/>\n2 gouttes he lavande fine (cicatrisant)<br \/>\n10 gouttes extrait de vanille bio<\/span><\/p>\n<p><img loading=\"lazy\" decoding=\"async\" class=\"alignnone size-full wp-image-1195\" title=\"lavande2a\" src=\"http:\/\/www.faitesmaison.com\/wp-content\/uploads\/2008\/10\/lavande2a.jpg\" alt=\"\" width=\"128\" height=\"128\" \/> <img loading=\"lazy\" decoding=\"async\" class=\"alignnone size-full wp-image-967\" title=\"prune\" src=\"http:\/\/www.faitesmaison.com\/wp-content\/uploads\/2008\/10\/prune.jpg\" alt=\"\" width=\"128\" height=\"128\" \/> <img loading=\"lazy\" decoding=\"async\" class=\"alignnone size-full wp-image-5405\" title=\"soinslevrestrait\" src=\"http:\/\/www.faitesmaison.com\/wp-content\/uploads\/2009\/10\/soinslevrestrait.jpg\" alt=\"\" width=\"128\" height=\"128\" \/><\/p>\n<p><span style=\"color: #888888;\"><strong>Difficult\u00e9 :<\/strong> <\/span><img loading=\"lazy\" decoding=\"async\" title=\"star\" src=\"http:\/\/baumeaucoeur.files.wordpress.com\/2009\/01\/star.jpg?w=8&amp;h=8&amp;h=8\" alt=\"star\" width=\"8\" height=\"8\" \/> <img loading=\"lazy\" decoding=\"async\" title=\"star\" src=\"http:\/\/baumeaucoeur.files.wordpress.com\/2009\/01\/star.jpg?w=8&amp;h=8&amp;h=8\" alt=\"star\" width=\"8\" height=\"8\" \/> <img loading=\"lazy\" decoding=\"async\" title=\"greystar3\" src=\"http:\/\/baumeaucoeur.files.wordpress.com\/2009\/01\/greystar3.jpg?w=8&amp;h=8&amp;h=8\" alt=\"greystar3\" width=\"8\" height=\"8\" \/><img loading=\"lazy\" decoding=\"async\" title=\"greystar3\" src=\"http:\/\/baumeaucoeur.files.wordpress.com\/2009\/01\/greystar3.jpg?w=8&amp;h=8&amp;h=8\" alt=\"greystar3\" width=\"8\" height=\"8\" \/><span style=\"color: #ffffff;\"> \u2013\u2013<\/span><strong><span style=\"color: #888888;\">Conservation :<\/span><\/strong><span style=\"color: #de1d6e;\"><strong> 3 mois<\/strong> <\/span><span style=\"color: #ffffff;\">\u2014\u2013<\/span><strong><span style=\"color: #999999;\">Contenance :<\/span><span style=\"color: #de1d6e;\"> 10 g<\/span><\/strong><\/p>\n<p>Faites fondre votre cire, huile et beurre ensemble au bain marie, additionner de votre vitamine E.\u00a0 Lorsque le tout est fondue, retirer du feu et ajouter votre extrait de vanille ainsi que votre huile essentielle de lavande fine.\u00a0 Couler rapidement dans un tube.\u00a0 L&#8217;odeur de ce baume est exquise&#8230; un vrai d\u00e9lice !\u00a0 Vous pouvez m\u00eame y ajouter un peu de mica ou d&#8217;ultra marine pour le rendre un peu plus glamour.<\/p>\n<p>Le beurre de tucuma \u00e0 une odeur exquise de cacao et de caf\u00e9 au lait&#8230; une vraie d\u00e9couverte, je ne saurais m&#8217;en passer.<\/p>\n<p>Huile de prune \u00e0 une odeur d&#8217;amande am\u00e8re qui est totalement enivrante, elle est de plus anti oxydante&#8230; alors pourquoi s&#8217;en priver !<\/p>\n<p>Voici la recette qui m&#8217;a inspir\u00e9 pour ce soin elle se trouve chez <a title=\"Aromazone\" href=\"http:\/\/www.aroma-zone.com\/aroma\/Fiche_extCO2_kiwi.asp#sticklevres_reparateur_kiwi\" target=\"_blank\">Aromazone<\/a>.\u00a0 De plus vous trouverez tous les ingr\u00e9dients n\u00e9cessaire pour la r\u00e9aliser chez eux.<\/p>\n","protected":false},"excerpt":{"rendered":"<p>Depuis que l&#8217;automne est finalement \u00e0 nos portes j&#8217;ai les l\u00e8vres toutes s\u00e8ches.\u00a0 Le vent, les changements de temp\u00e9ratures&#8230; tout cela est pour cause dans l&#8217;\u00e9tat de celles ci.\u00a0 Voici donc une recette toute simple et terriblement gourmande pour vos l\u00e8vres ! 2 g cire de candelilla 4 g hv de prune (hydratante) 2.5 g beurre de Tucuma (protecteur) 1 goutte vitamine E 2 gouttes he lavande fine (cicatrisant) 10 gouttes extrait de vanille bio Difficult\u00e9 : \u2013\u2013Conservation : 3 mois \u2014\u2013Contenance : 10 g Faites fondre votre cire, huile et beurre ensemble au bain marie, additionner de votre vitamine E.\u00a0 Lorsque le tout est fondue, retirer du feu et ajouter votre extrait de vanille ainsi que votre huile essentielle de lavande fine.\u00a0 Couler rapidement dans un tube.\u00a0 L&#8217;odeur de ce baume est exquise&#8230; un vrai d\u00e9lice !\u00a0 Vous pouvez m\u00eame y ajouter un peu de mica ou d&#8217;ultra marine pour le rendre un peu plus glamour. Le beurre de tucuma \u00e0 une odeur exquise de cacao et de caf\u00e9 au lait&#8230; une vraie d\u00e9couverte, je ne saurais m&#8217;en passer. Huile de prune \u00e0 une odeur d&#8217;amande am\u00e8re qui est totalement enivrante, elle est de plus anti oxydante&#8230; alors pourquoi s&#8217;en priver ! Voici la recette qui m&#8217;a inspir\u00e9 pour ce soin elle se trouve chez Aromazone.\u00a0 De plus vous trouverez tous les ingr\u00e9dients n\u00e9cessaire pour la r\u00e9aliser chez eux.<\/p>\n","protected":false},"author":1,"featured_media":0,"comment_status":"open","ping_status":"open","sticky":false,"template":"","format":"standard","meta":{"_jetpack_memberships_contains_paid_content":false,"footnotes":""},"categories":[440],"tags":[35,53,64,215,239,321,359,390,394],"class_list":["post-962","post","type-post","status-publish","format-standard","hentry","category-baumes-a-levres","tag-amandon-de-pruneau","tag-baume-a-levres","tag-beurre-tucuma","tag-huile-vegetale","tag-lavande","tag-prune","tag-soins-levres","tag-vanille","tag-vitamine-e"],"jetpack_featured_media_url":"","jetpack_shortlink":"https:\/\/wp.me\/p1OJAS-fw","jetpack_sharing_enabled":true,"_links":{"self":[{"href":"https:\/\/www.faitesmaison.com\/index.php\/wp-json\/wp\/v2\/posts\/962","targetHints":{"allow":["GET"]}}],"collection":[{"href":"https:\/\/www.faitesmaison.com\/index.php\/wp-json\/wp\/v2\/posts"}],"about":[{"href":"https:\/\/www.faitesmaison.com\/index.php\/wp-json\/wp\/v2\/types\/post"}],"author":[{"embeddable":true,"href":"https:\/\/www.faitesmaison.com\/index.php\/wp-json\/wp\/v2\/users\/1"}],"replies":[{"embeddable":true,"href":"https:\/\/www.faitesmaison.com\/index.php\/wp-json\/wp\/v2\/comments?post=962"}],"version-history":[{"count":0,"href":"https:\/\/www.faitesmaison.com\/index.php\/wp-json\/wp\/v2\/posts\/962\/revisions"}],"wp:attachment":[{"href":"https:\/\/www.faitesmaison.com\/index.php\/wp-json\/wp\/v2\/media?parent=962"}],"wp:term":[{"taxonomy":"category","embeddable":true,"href":"https:\/\/www.faitesmaison.com\/index.php\/wp-json\/wp\/v2\/categories?post=962"},{"taxonomy":"post_tag","embeddable":true,"href":"https:\/\/www.faitesmaison.com\/index.php\/wp-json\/wp\/v2\/tags?post=962"}],"curies":[{"name":"wp","href":"https:\/\/api.w.org\/{rel}","templated":true}]}}