{"id":92,"date":"2008-01-31T17:59:16","date_gmt":"2008-01-31T17:59:16","guid":{"rendered":"http:\/\/baumeaucoeur.wordpress.com\/?p=92"},"modified":"2011-02-28T15:07:57","modified_gmt":"2011-02-28T15:07:57","slug":"levres-givres","status":"publish","type":"post","link":"https:\/\/www.faitesmaison.com\/index.php\/2008\/01\/levres-givres\/","title":{"rendered":"L\u00e8vres givr\u00e9es"},"content":{"rendered":"<p><span style=\"color: #999999;\"> 1<\/span><span style=\"color: #999999;\"> c. <\/span><span style=\"color: #999999;\">\u00e0 soupe de mac\u00e9rat de vanille<\/span><span style=\"color: #999999;\"><br \/>\n1 c. \u00e0 caf\u00e9 de cire d\u2019abeille<br \/>\n<\/span><span style=\"color: #999999;\">1\/2 <\/span><span style=\"color: #999999;\"> c. <\/span><span style=\"color: #999999;\">\u00e0 caf\u00e9 de miel<br \/>\n4  gouttes d\u2019extrait de vanille<br \/>\n1 pointe au couteau de mica blanc<\/span><\/p>\n<p><img loading=\"lazy\" decoding=\"async\" class=\"alignnone size-full wp-image-3507\" title=\"levregivre\" src=\"http:\/\/www.faitesmaison.com\/wp-content\/uploads\/2008\/01\/levregivre.jpg\" alt=\"\" width=\"128\" height=\"128\" \/> <img loading=\"lazy\" decoding=\"async\" class=\"alignnone size-full wp-image-3508\" title=\"frostedrose\" src=\"http:\/\/www.faitesmaison.com\/wp-content\/uploads\/2008\/01\/frostedrose.jpg\" alt=\"\" width=\"128\" height=\"128\" \/> <img loading=\"lazy\" decoding=\"async\" class=\"alignnone size-full wp-image-3535\" title=\"vanille\" src=\"http:\/\/www.faitesmaison.com\/wp-content\/uploads\/2007\/12\/vanille.jpg\" alt=\"\" width=\"128\" height=\"128\" \/><\/p>\n<p>Faire fondre la cire d\u2019abeille et le mac\u00e9rat de vanille douce au bain-marie, m\u00e9langer tout doucement au fouet. Ajouter le miel, l\u2019extrait de vanille et le mica. Mettre le tout dans un joli petit pot et vous voil\u00e0 fin pr\u00eat pour la bise d\u2019hiver !<\/p>\n","protected":false},"excerpt":{"rendered":"<p>1 c. \u00e0 soupe de mac\u00e9rat de vanille 1 c. \u00e0 caf\u00e9 de cire d\u2019abeille 1\/2 c. \u00e0 caf\u00e9 de miel 4 gouttes d\u2019extrait de vanille 1 pointe au couteau de mica blanc Faire fondre la cire d\u2019abeille et le mac\u00e9rat de vanille douce au bain-marie, m\u00e9langer tout doucement au fouet. Ajouter le miel, l\u2019extrait de vanille et le mica. Mettre le tout dans un joli petit pot et vous voil\u00e0 fin pr\u00eat pour la bise d\u2019hiver !<\/p>\n","protected":false},"author":1,"featured_media":0,"comment_status":"closed","ping_status":"open","sticky":false,"template":"","format":"standard","meta":{"_jetpack_memberships_contains_paid_content":false,"footnotes":""},"categories":[449],"tags":[51,53,517,657,729,270,271,1228,390],"class_list":["post-92","post","type-post","status-publish","format-standard","hentry","category-brillant-a-levres","tag-baume","tag-baume-a-levres","tag-baumes-2","tag-gercure","tag-macerat","tag-mica","tag-miel","tag-levres","tag-vanille"],"jetpack_featured_media_url":"","jetpack_shortlink":"https:\/\/wp.me\/p1OJAS-1u","jetpack_sharing_enabled":true,"_links":{"self":[{"href":"https:\/\/www.faitesmaison.com\/index.php\/wp-json\/wp\/v2\/posts\/92","targetHints":{"allow":["GET"]}}],"collection":[{"href":"https:\/\/www.faitesmaison.com\/index.php\/wp-json\/wp\/v2\/posts"}],"about":[{"href":"https:\/\/www.faitesmaison.com\/index.php\/wp-json\/wp\/v2\/types\/post"}],"author":[{"embeddable":true,"href":"https:\/\/www.faitesmaison.com\/index.php\/wp-json\/wp\/v2\/users\/1"}],"replies":[{"embeddable":true,"href":"https:\/\/www.faitesmaison.com\/index.php\/wp-json\/wp\/v2\/comments?post=92"}],"version-history":[{"count":0,"href":"https:\/\/www.faitesmaison.com\/index.php\/wp-json\/wp\/v2\/posts\/92\/revisions"}],"wp:attachment":[{"href":"https:\/\/www.faitesmaison.com\/index.php\/wp-json\/wp\/v2\/media?parent=92"}],"wp:term":[{"taxonomy":"category","embeddable":true,"href":"https:\/\/www.faitesmaison.com\/index.php\/wp-json\/wp\/v2\/categories?post=92"},{"taxonomy":"post_tag","embeddable":true,"href":"https:\/\/www.faitesmaison.com\/index.php\/wp-json\/wp\/v2\/tags?post=92"}],"curies":[{"name":"wp","href":"https:\/\/api.w.org\/{rel}","templated":true}]}}