{"id":73,"date":"2009-03-26T14:36:26","date_gmt":"2009-03-26T14:36:26","guid":{"rendered":"http:\/\/baumeaucoeurmaison.wordpress.com\/?p=73"},"modified":"2011-04-05T19:02:54","modified_gmt":"2011-04-05T19:02:54","slug":"marre-de-lail","status":"publish","type":"post","link":"https:\/\/www.faitesmaison.com\/index.php\/2009\/03\/marre-de-lail\/","title":{"rendered":"Marre de l&#8217;ail !"},"content":{"rendered":"<p><span style=\"color: #998413;\">Bien que l&#8217;ail soit un pr\u00e9cieux alli\u00e9 en cuisine et surtout un plus pour la sant\u00e9, l&#8217;odeur que laisse ce petit l\u00e9gume sur nos doigts n&#8217;a rien de bien sexy.\u00a0 Heureusement, il existe un petit truc pour y rem\u00e9dier !<\/span><\/p>\n<p><img loading=\"lazy\" decoding=\"async\" class=\"alignnone size-full wp-image-71\" title=\"cafe\" src=\"http:\/\/graphartis.com\/faitesmaison\/\/wp-content\/uploads\/2009\/03\/cafe.jpg\" alt=\"cafe\" width=\"128\" height=\"128\" \/> <img loading=\"lazy\" decoding=\"async\" class=\"alignnone size-full wp-image-74\" title=\"ail\" src=\"http:\/\/graphartis.com\/faitesmaison\/\/wp-content\/uploads\/2009\/03\/ail.jpg\" alt=\"ail\" width=\"128\" height=\"128\" \/> <img loading=\"lazy\" decoding=\"async\" class=\"alignnone size-full wp-image-76\" title=\"mains\" src=\"http:\/\/graphartis.com\/faitesmaison\/\/wp-content\/uploads\/2009\/03\/mains.jpg\" alt=\"mains\" width=\"128\" height=\"128\" \/><\/p>\n<p>Frottez vous les mains avec du marc de caf\u00e9 !\u00a0 De plus, n&#8217;oubliez pas de d\u00e9poser votre marc de caf\u00e9 dans votre composte il est tr\u00e8s appr\u00e9ci\u00e9 de nos amis les vers de terre !<\/p>\n","protected":false},"excerpt":{"rendered":"<p>Bien que l&#8217;ail soit un pr\u00e9cieux alli\u00e9 en cuisine et surtout un plus pour la sant\u00e9, l&#8217;odeur que laisse ce petit l\u00e9gume sur nos doigts n&#8217;a rien de bien sexy.\u00a0 Heureusement, il existe un petit truc pour y rem\u00e9dier ! Frottez vous les mains avec du marc de caf\u00e9 !\u00a0 De plus, n&#8217;oubliez pas de d\u00e9poser votre marc de caf\u00e9 dans votre composte il est tr\u00e8s appr\u00e9ci\u00e9 de nos amis les vers de terre !<\/p>\n","protected":false},"author":1,"featured_media":0,"comment_status":"open","ping_status":"open","sticky":false,"template":"","format":"standard","meta":{"_jetpack_memberships_contains_paid_content":false,"footnotes":""},"categories":[8],"tags":[],"class_list":["post-73","post","type-post","status-publish","format-standard","hentry","category-trucs-astuces"],"jetpack_featured_media_url":"","jetpack_shortlink":"https:\/\/wp.me\/p1OJAS-1b","jetpack_sharing_enabled":true,"_links":{"self":[{"href":"https:\/\/www.faitesmaison.com\/index.php\/wp-json\/wp\/v2\/posts\/73","targetHints":{"allow":["GET"]}}],"collection":[{"href":"https:\/\/www.faitesmaison.com\/index.php\/wp-json\/wp\/v2\/posts"}],"about":[{"href":"https:\/\/www.faitesmaison.com\/index.php\/wp-json\/wp\/v2\/types\/post"}],"author":[{"embeddable":true,"href":"https:\/\/www.faitesmaison.com\/index.php\/wp-json\/wp\/v2\/users\/1"}],"replies":[{"embeddable":true,"href":"https:\/\/www.faitesmaison.com\/index.php\/wp-json\/wp\/v2\/comments?post=73"}],"version-history":[{"count":0,"href":"https:\/\/www.faitesmaison.com\/index.php\/wp-json\/wp\/v2\/posts\/73\/revisions"}],"wp:attachment":[{"href":"https:\/\/www.faitesmaison.com\/index.php\/wp-json\/wp\/v2\/media?parent=73"}],"wp:term":[{"taxonomy":"category","embeddable":true,"href":"https:\/\/www.faitesmaison.com\/index.php\/wp-json\/wp\/v2\/categories?post=73"},{"taxonomy":"post_tag","embeddable":true,"href":"https:\/\/www.faitesmaison.com\/index.php\/wp-json\/wp\/v2\/tags?post=73"}],"curies":[{"name":"wp","href":"https:\/\/api.w.org\/{rel}","templated":true}]}}