{"id":675,"date":"2008-09-08T13:43:22","date_gmt":"2008-09-08T13:43:22","guid":{"rendered":"http:\/\/baumeaucoeur.wordpress.com\/?p=675"},"modified":"2011-06-07T17:58:57","modified_gmt":"2011-06-07T17:58:57","slug":"gel-douche-fee-des-bois","status":"publish","type":"post","link":"https:\/\/www.faitesmaison.com\/index.php\/2008\/09\/gel-douche-fee-des-bois\/","title":{"rendered":"Gel douche &quot;f\u00e9e des bois&quot;"},"content":{"rendered":"<p><span style=\"color: #808080;\">Et oui la rentr\u00e9 est l\u00e0 !\u00a0 Vos petites reviennent de l&#8217;\u00e9cole un peu d\u00e9\u00e7u de la fin des vacances mais avec pleins d&#8217;histoires \u00e0 vous raconter !! Elles aussi ont besoin de se faire chouchouter&#8230; alors voici un petit gel douche tout gourmand pour vos petites f\u00e9es.<\/span><\/p>\n<p><span style=\"color: #808080;\">80 ml de base lavante neutre<br \/>\n1 cs de lait en poudre<br \/>\n1 cc hv d&#8217;amande douce<br \/>\n15 gouttes d&#8217;extrait de fraise des bois<br \/>\n1 pointe de mica brillant<br \/>\n1 pointe d&#8217;ultra marine rose<br \/>\n1 pointe de brillants rose \u00e0 cosm\u00e9tiques<br \/>\n0.6 % gouttes Ecogard<br \/>\n8 gouttes de vitamine E<\/span><\/p>\n<p><a href=\"http:\/\/baumeaucoeur.files.wordpress.com\/2008\/09\/petitefee.jpg\"><img loading=\"lazy\" decoding=\"async\" class=\"alignnone size-full wp-image-681\" title=\"petitefee\" src=\"http:\/\/baumeaucoeur.files.wordpress.com\/2008\/09\/petitefee.jpg\" alt=\"\" width=\"128\" height=\"128\" \/><\/a><a href=\"http:\/\/baumeaucoeur.files.wordpress.com\/2008\/09\/fraisebois.jpg\"> <\/a><a href=\"http:\/\/baumeaucoeur.files.wordpress.com\/2008\/09\/bulerose.jpg\"><img loading=\"lazy\" decoding=\"async\" class=\"alignnone size-full wp-image-682\" title=\"bulerose\" src=\"http:\/\/baumeaucoeur.files.wordpress.com\/2008\/09\/bulerose.jpg\" alt=\"\" width=\"128\" height=\"128\" \/><\/a><a href=\"http:\/\/baumeaucoeur.files.wordpress.com\/2008\/09\/petitefee.jpg\"> <\/a><a href=\"http:\/\/baumeaucoeur.files.wordpress.com\/2008\/09\/fraisebois.jpg\"><img loading=\"lazy\" decoding=\"async\" class=\"alignnone size-full wp-image-678\" title=\"fraisebois\" src=\"http:\/\/baumeaucoeur.files.wordpress.com\/2008\/09\/fraisebois.jpg\" alt=\"\" width=\"128\" height=\"128\" \/><\/a><a href=\"http:\/\/baumeaucoeur.files.wordpress.com\/2008\/09\/petitefee.jpg\"> <\/a><\/p>\n<p><span style=\"color: #999999;\"><span style=\"color: #333333;\">M\u00e9langer le tout dans un joli flacon et laisser la magie op\u00e9rer !<\/span><\/span><\/p>\n<p>Vous pouvez imprimer cette \u00e9tiquette sp\u00e9ciale petite f\u00e9e !<\/p>\n<p><a href=\"http:\/\/baumeaucoeur.files.wordpress.com\/2008\/09\/gelfeedesbois1.jpg\"><img loading=\"lazy\" decoding=\"async\" class=\"alignnone size-full wp-image-781\" title=\"gelfeedesbois1\" src=\"http:\/\/baumeaucoeur.files.wordpress.com\/2008\/09\/gelfeedesbois1.jpg\" alt=\"\" width=\"198\" height=\"283\" \/><\/a><\/p>\n","protected":false},"excerpt":{"rendered":"<p>Et oui la rentr\u00e9 est l\u00e0 !\u00a0 Vos petites reviennent de l&#8217;\u00e9cole un peu d\u00e9\u00e7u de la fin des vacances mais avec pleins d&#8217;histoires \u00e0 vous raconter !! Elles aussi ont besoin de se faire chouchouter&#8230; alors voici un petit gel douche tout gourmand pour vos petites f\u00e9es. 80 ml de base lavante neutre 1 cs de lait en poudre 1 cc hv d&#8217;amande douce 15 gouttes d&#8217;extrait de fraise des bois 1 pointe de mica brillant 1 pointe d&#8217;ultra marine rose 1 pointe de brillants rose \u00e0 cosm\u00e9tiques 0.6 % gouttes Ecogard 8 gouttes de vitamine E M\u00e9langer le tout dans un joli flacon et laisser la magie op\u00e9rer ! Vous pouvez imprimer cette \u00e9tiquette sp\u00e9ciale petite f\u00e9e !<\/p>\n","protected":false},"author":1,"featured_media":0,"comment_status":"closed","ping_status":"open","sticky":false,"template":"","format":"standard","meta":{"_jetpack_memberships_contains_paid_content":false,"footnotes":""},"categories":[982],"tags":[34,647,234,754,389,394],"class_list":["post-675","post","type-post","status-publish","format-standard","hentry","category-gel-douche-enfants","tag-amande-douce","tag-fraises","tag-lait","tag-mica-brillant","tag-ultramarine","tag-vitamine-e"],"jetpack_featured_media_url":"","jetpack_shortlink":"https:\/\/wp.me\/p1OJAS-aT","jetpack_sharing_enabled":true,"_links":{"self":[{"href":"https:\/\/www.faitesmaison.com\/index.php\/wp-json\/wp\/v2\/posts\/675","targetHints":{"allow":["GET"]}}],"collection":[{"href":"https:\/\/www.faitesmaison.com\/index.php\/wp-json\/wp\/v2\/posts"}],"about":[{"href":"https:\/\/www.faitesmaison.com\/index.php\/wp-json\/wp\/v2\/types\/post"}],"author":[{"embeddable":true,"href":"https:\/\/www.faitesmaison.com\/index.php\/wp-json\/wp\/v2\/users\/1"}],"replies":[{"embeddable":true,"href":"https:\/\/www.faitesmaison.com\/index.php\/wp-json\/wp\/v2\/comments?post=675"}],"version-history":[{"count":0,"href":"https:\/\/www.faitesmaison.com\/index.php\/wp-json\/wp\/v2\/posts\/675\/revisions"}],"wp:attachment":[{"href":"https:\/\/www.faitesmaison.com\/index.php\/wp-json\/wp\/v2\/media?parent=675"}],"wp:term":[{"taxonomy":"category","embeddable":true,"href":"https:\/\/www.faitesmaison.com\/index.php\/wp-json\/wp\/v2\/categories?post=675"},{"taxonomy":"post_tag","embeddable":true,"href":"https:\/\/www.faitesmaison.com\/index.php\/wp-json\/wp\/v2\/tags?post=675"}],"curies":[{"name":"wp","href":"https:\/\/api.w.org\/{rel}","templated":true}]}}