{"id":4739,"date":"2011-09-06T17:00:06","date_gmt":"2011-09-06T15:00:06","guid":{"rendered":"http:\/\/www.faitesmaison.com\/\/?p=4739"},"modified":"2025-03-31T17:26:41","modified_gmt":"2025-03-31T15:26:41","slug":"savon-pain-depice","status":"publish","type":"post","link":"https:\/\/www.faitesmaison.com\/index.php\/2011\/09\/savon-pain-depice\/","title":{"rendered":"Savon &#8220;Pain d&#8217;\u00e9pice&#8221;"},"content":{"rendered":"<p><span style=\"color: #888888;\">Au mois de mai dernier je suis retourner dans mon cher pays visiter famille et amis.\u00a0 Ce fut un voyage magnifique, cela faisait d\u00e9j\u00e0 trois longue ann\u00e9es que je n&#8217;y \u00e9tait pas retourn\u00e9.\u00a0 Pas besoin de vous dire que j&#8217;\u00e9tais en manque de mon Canada natal !\u00a0 Pas toujours facile de vivre loin des siens mais bon&#8230; ainsi va la vie.\u00a0 Pour revenir \u00e0 nos moutons&#8230; j&#8217;avais pr\u00e9par\u00e9 en amont de petits pr\u00e9sents \u00e0 remettre, j&#8217;avais fait trois savons diff\u00e9rents dont celui que je vous pr\u00e9sente aujourd&#8217;hui.<\/span><\/p>\n<p><span style=\"color: #888888;\">Il s&#8217;agit comme son nom l&#8217;indique un savon aux \u00e9pices.\u00a0 Je le voulais noir avec du jaune dor\u00e9.\u00a0 Je suis plut\u00f4t contente du r\u00e9sultat visuel.\u00a0 L&#8217;odeur lors de la coupe \u00e9tait absolument gourmande&#8230; un g\u00e2teau \u00e0 la m\u00e9lasse comme dans mon enfance.\u00a0 Apr\u00e8s sa cure il sent beaucoup le girofle et la m\u00e9lasse.\u00a0 Les agrumes sont plus difficile \u00e0 faire tenir dans des savons. Sans plus tarder, voici donc ma petite recette&#8230;<\/span><\/p>\n<p><span style=\"color: #888888;\">32 % Huile de coco<\/span><br \/>\n<span style=\"color: #888888;\"> 42% Huile d&#8217;olive<\/span><br \/>\n<span style=\"color: #888888;\"> 26% Beurre de karit\u00e9<\/span><\/p>\n<p><span style=\"color: #888888;\">Eau et Soude\u00a0 \u00e0 recalculer<\/span><\/p>\n<p><span style=\"color: #888888;\">A la trace :<\/span><br \/>\n<span style=\"color: #888888;\"> 3 cs M\u00e9lasse<\/span><br \/>\n<span style=\"color: #888888;\"> 2 cc charbon v\u00e9g\u00e9tal.<\/span><br \/>\n<span style=\"color: #888888;\"> 1 cc mica or + ocre jaune (pour les formes en volutes)<\/span><br \/>\n<span style=\"color: #888888;\"> 2%\u00a0 Huile essentielle de girofle et pamplemousse<\/span><\/p>\n<p><a href=\"http:\/\/www.faitesmaison.com\/\/index.php\/2011\/09\/savon-pain-depice\/savonmelasse\/\" rel=\"attachment wp-att-4759\"><img loading=\"lazy\" decoding=\"async\" class=\"alignnone size-full wp-image-4759\" title=\"savonmelasse\" src=\"http:\/\/www.faitesmaison.com\/wp-content\/uploads\/2011\/09\/savonmelasse.jpg\" alt=\"\" width=\"128\" height=\"128\" \/><\/a> <img loading=\"lazy\" decoding=\"async\" class=\"alignnone size-full wp-image-4740\" title=\"girofles\" src=\"http:\/\/www.faitesmaison.com\/wp-content\/uploads\/2011\/09\/girofles.jpg\" alt=\"\" width=\"128\" height=\"128\" \/> <img loading=\"lazy\" decoding=\"async\" class=\"alignnone size-full wp-image-3479\" title=\"pamplemousse\" src=\"http:\/\/www.faitesmaison.com\/wp-content\/uploads\/2009\/08\/pamplemousse.jpg\" alt=\"\" width=\"128\" height=\"128\" \/><strong><br \/>\nDifficult\u00e9 :<\/strong> <img loading=\"lazy\" decoding=\"async\" title=\"star\" src=\"http:\/\/www.faitesmaison.com\/wp-content\/uploads\/2011\/09\/star.jpg\" alt=\"\" width=\"8\" height=\"8\" \/> <img loading=\"lazy\" decoding=\"async\" title=\"star\" src=\"http:\/\/www.faitesmaison.com\/wp-content\/uploads\/2011\/09\/star.jpg\" alt=\"\" width=\"8\" height=\"8\" \/> <img loading=\"lazy\" decoding=\"async\" title=\"star\" src=\"http:\/\/www.faitesmaison.com\/wp-content\/uploads\/2011\/09\/star.jpg\" alt=\"\" width=\"8\" height=\"8\" \/> <img loading=\"lazy\" decoding=\"async\" title=\"star\" src=\"http:\/\/www.faitesmaison.com\/wp-content\/uploads\/2011\/09\/star.jpg\" alt=\"\" width=\"8\" height=\"8\" \/>\u00a0\u00a0\u00a0\u00a0 <strong>Conservation :<\/strong> <strong><span style=\"color: #de1d6e;\">Plusieurs mois<\/span><\/strong><\/p>\n<p>Faire fondre les huiles ensemble.\u00a0 Ajouter la soude \u00e0 l\u2019eau et laisser refroidir.\u00a0 Lorsque les deux m\u00e9langes, eau et soude, sont de temp\u00e9rature ambiante, verser le m\u00e9lange soude\/eau dans vos huiles et mixer jusqu\u2019\u00e0 l\u2019apparition de la trace.\u00a0 Ensuite ajouter le reste de vos ingr\u00e9dients (huile essentielle, huile et mica) et verser le tout dans vos moules.\u00a0\u00a0 Attendez 48 h et d\u00e9mouler vos savons avec des gants.\u00a0 Placer dans un endroit sec pour une cure de 4 semaines.<\/p>\n<p>En voici une autre photo qui est tr\u00e8s mauvaise d\u00e9sol\u00e9&#8230; mais j&#8217;ai du la prendre avec mon t\u00e9l\u00e9phone portable \u00e0 l&#8217;\u00e9poque car mon appareil \u00e9tait hors service.\u00a0 Avec comme j&#8217;ai toujours fait&#8230; une \u00e9tiquette \ud83d\ude09<\/p>\n<p><img loading=\"lazy\" decoding=\"async\" class=\"size-medium wp-image-4756 alignleft\" title=\"savonmelasseg\" src=\"http:\/\/www.faitesmaison.com\/wp-content\/uploads\/2011\/09\/savonmelasseg-273x300.jpg\" alt=\"\" width=\"273\" height=\"300\" srcset=\"https:\/\/www.faitesmaison.com\/wp-content\/uploads\/2011\/09\/savonmelasseg-273x300.jpg 273w, https:\/\/www.faitesmaison.com\/wp-content\/uploads\/2011\/09\/savonmelasseg.jpg 280w\" sizes=\"auto, (max-width: 273px) 100vw, 273px\" \/>\u00a0<a href=\"http:\/\/www.faitesmaison.com\/\/index.php\/2011\/09\/savon-pain-depice\/savonpainepice\/\" rel=\"attachment wp-att-4778\"><img loading=\"lazy\" decoding=\"async\" class=\"alignnone size-medium wp-image-4778\" title=\"savonpainepice\" src=\"http:\/\/www.faitesmaison.com\/wp-content\/uploads\/2011\/09\/savonpainepice-300x187.jpg\" alt=\"\" width=\"300\" height=\"187\" srcset=\"https:\/\/www.faitesmaison.com\/wp-content\/uploads\/2011\/09\/savonpainepice-300x187.jpg 300w, https:\/\/www.faitesmaison.com\/wp-content\/uploads\/2011\/09\/savonpainepice.jpg 700w\" sizes=\"auto, (max-width: 300px) 100vw, 300px\" \/><\/a><\/p>\n","protected":false},"excerpt":{"rendered":"<p>Au mois de mai dernier je suis retourner dans mon cher pays visiter famille et amis.\u00a0 Ce fut un voyage magnifique, cela faisait d\u00e9j\u00e0 trois longue ann\u00e9es que je n&#8217;y \u00e9tait pas retourn\u00e9.\u00a0 Pas besoin de vous dire que j&#8217;\u00e9tais en manque de mon Canada natal !\u00a0 Pas toujours facile de vivre loin des siens mais bon&#8230; ainsi va la vie.\u00a0 Pour revenir \u00e0 nos moutons&#8230; j&#8217;avais pr\u00e9par\u00e9 en amont de petits pr\u00e9sents \u00e0 remettre, j&#8217;avais fait trois savons diff\u00e9rents dont celui que je vous pr\u00e9sente aujourd&#8217;hui. Il s&#8217;agit comme son nom l&#8217;indique un savon aux \u00e9pices.\u00a0 Je le voulais noir avec du jaune dor\u00e9.\u00a0 Je suis plut\u00f4t contente du r\u00e9sultat visuel.\u00a0 L&#8217;odeur lors de la coupe \u00e9tait absolument gourmande&#8230; un g\u00e2teau \u00e0 la m\u00e9lasse comme dans mon enfance.\u00a0 Apr\u00e8s sa cure il sent beaucoup le girofle et la m\u00e9lasse.\u00a0 Les agrumes sont plus difficile \u00e0 faire tenir dans des savons. Sans plus tarder, voici donc ma petite recette&#8230; 32 % Huile de coco 42% Huile d&#8217;olive 26% Beurre de karit\u00e9 Eau et Soude\u00a0 \u00e0 recalculer A la trace : 3 cs M\u00e9lasse 2 cc charbon v\u00e9g\u00e9tal. 1 cc mica or + ocre jaune (pour les formes en volutes) 2%\u00a0 Huile essentielle de girofle et pamplemousse Difficult\u00e9 : \u00a0\u00a0\u00a0\u00a0 Conservation : Plusieurs mois Faire fondre les huiles ensemble.\u00a0 Ajouter la soude \u00e0 l\u2019eau et laisser refroidir.\u00a0 Lorsque les deux m\u00e9langes, eau et soude, sont de temp\u00e9rature ambiante, verser le m\u00e9lange soude\/eau dans vos huiles et mixer jusqu\u2019\u00e0 l\u2019apparition de la trace.\u00a0 Ensuite ajouter le reste de vos ingr\u00e9dients (huile essentielle, huile et mica) et verser le tout dans vos moules.\u00a0\u00a0 Attendez 48 h et d\u00e9mouler vos savons avec des gants.\u00a0 Placer dans un endroit sec pour une cure de 4 semaines. En voici une autre photo qui est tr\u00e8s mauvaise d\u00e9sol\u00e9&#8230; mais j&#8217;ai du la prendre avec mon t\u00e9l\u00e9phone portable \u00e0 l&#8217;\u00e9poque car mon appareil \u00e9tait hors service.\u00a0 Avec comme j&#8217;ai toujours fait&#8230; une \u00e9tiquette \ud83d\ude09 \u00a0<\/p>\n","protected":false},"author":1,"featured_media":0,"comment_status":"open","ping_status":"open","sticky":false,"template":"","format":"standard","meta":{"_jetpack_memberships_contains_paid_content":false,"footnotes":""},"categories":[1059,1079,1,443],"tags":[61,1082,1083,172,660,1085,208,675,215,1081,270,291,1080,864,340,1084,365],"class_list":["post-4739","post","type-post","status-publish","format-standard","hentry","category-avec-huiles-essentielles","category-epices-savonnerie","category-nouveaute","category-savons","tag-beurre-de-karite","tag-charbon","tag-clou-de-girofle","tag-fait-maison","tag-girofle","tag-hand-made-soap","tag-huile-dolive","tag-huile-de-coco","tag-huile-vegetale","tag-melasse","tag-mica","tag-pamplemousse","tag-saponification","tag-savon","tag-savon-fait-maison","tag-soap","tag-soude"],"jetpack_featured_media_url":"","jetpack_shortlink":"https:\/\/wp.me\/p1OJAS-1er","jetpack_sharing_enabled":true,"_links":{"self":[{"href":"https:\/\/www.faitesmaison.com\/index.php\/wp-json\/wp\/v2\/posts\/4739","targetHints":{"allow":["GET"]}}],"collection":[{"href":"https:\/\/www.faitesmaison.com\/index.php\/wp-json\/wp\/v2\/posts"}],"about":[{"href":"https:\/\/www.faitesmaison.com\/index.php\/wp-json\/wp\/v2\/types\/post"}],"author":[{"embeddable":true,"href":"https:\/\/www.faitesmaison.com\/index.php\/wp-json\/wp\/v2\/users\/1"}],"replies":[{"embeddable":true,"href":"https:\/\/www.faitesmaison.com\/index.php\/wp-json\/wp\/v2\/comments?post=4739"}],"version-history":[{"count":0,"href":"https:\/\/www.faitesmaison.com\/index.php\/wp-json\/wp\/v2\/posts\/4739\/revisions"}],"wp:attachment":[{"href":"https:\/\/www.faitesmaison.com\/index.php\/wp-json\/wp\/v2\/media?parent=4739"}],"wp:term":[{"taxonomy":"category","embeddable":true,"href":"https:\/\/www.faitesmaison.com\/index.php\/wp-json\/wp\/v2\/categories?post=4739"},{"taxonomy":"post_tag","embeddable":true,"href":"https:\/\/www.faitesmaison.com\/index.php\/wp-json\/wp\/v2\/tags?post=4739"}],"curies":[{"name":"wp","href":"https:\/\/api.w.org\/{rel}","templated":true}]}}