{"id":462,"date":"2008-08-21T23:50:05","date_gmt":"2008-08-21T23:50:05","guid":{"rendered":"http:\/\/baumeaucoeur.wordpress.com\/?p=462"},"modified":"2011-02-19T14:02:11","modified_gmt":"2011-02-19T14:02:11","slug":"fine-decouverte","status":"publish","type":"post","link":"https:\/\/www.faitesmaison.com\/index.php\/2008\/08\/fine-decouverte\/","title":{"rendered":"Fine d\u00e9couverte !"},"content":{"rendered":"<p>Lors de mon retour au Qu\u00e9bec j&#8217;en ai profiter pour parcourir les boutiques de produits naturels.  Je suis tomb\u00e9 sur une petite douceur des plus agr\u00e9able.  Un savon avec une odeur divine ! Aux bleuets !!  Oui oui il s&#8217;agit bien de myrtille et non de la fleur.  Elle est faite par une entreprise agro-touristique sp\u00e9cialis\u00e9e dans la production de lait de brebis.<\/p>\n<p>Elle se nomme &#8220;<a title=\"Le fin Berger inc.\" href=\"http:\/\/www.lefinberger.com\/\" target=\"_blank\"><span style=\"color:#006a80;\"><strong><span>Le Fin Berger inc.<\/span><\/strong><\/span><\/a>&#8220;.<\/p>\n<p><a href=\"http:\/\/baumeaucoeur.files.wordpress.com\/2008\/08\/lefingergerinc.jpg\"><img loading=\"lazy\" decoding=\"async\" class=\"alignnone size-medium wp-image-466\" src=\"http:\/\/baumeaucoeur.files.wordpress.com\/2008\/08\/lefingergerinc.jpg?w=128\" alt=\"\" width=\"128\" height=\"128\" \/> <\/a><a href=\"http:\/\/baumeaucoeur.files.wordpress.com\/2008\/08\/moutonfinbergerinc.jpg\"><img loading=\"lazy\" decoding=\"async\" class=\"alignnone size-medium wp-image-468\" src=\"http:\/\/baumeaucoeur.files.wordpress.com\/2008\/08\/moutonfinbergerinc.jpg?w=128\" alt=\"\" width=\"128\" height=\"128\" \/> <\/a><a href=\"http:\/\/baumeaucoeur.files.wordpress.com\/2008\/08\/lieufinbergerinc.jpg\"><img loading=\"lazy\" decoding=\"async\" class=\"alignnone size-medium wp-image-471\" src=\"http:\/\/baumeaucoeur.files.wordpress.com\/2008\/08\/lieufinbergerinc.jpg?w=128\" alt=\"\" width=\"128\" height=\"128\" \/><\/a><\/p>\n<p>Un petit logo tout mignon et surtout des produits cr\u00e9er par une famille passionn\u00e9 de la terre                            et des produits du terroir !  Ils font de tout, fromages, savons, lotions, savons luffa, sels de bain, bombes de bain, huile de massage, chandelles, ainsi que des paniers cadeaux personnalis\u00e9s.<\/p>\n<p>Vous pouvez \u00e9galement visiter la ferme et rencontrer ces gens passionn\u00e9s par leur m\u00e9tier !  (je n&#8217;ai pas eu l&#8217;occasion d&#8217;y aller mais je n&#8217;y manquerais pas la prochaine fois !)<\/p>\n<p>Je vous invite \u00e0 visiter leur site m\u00eame si pour l&#8217;instant il est en construction !<br \/>\n<a title=\"Le fin Berger inc.\" href=\"http:\/\/www.lefinberger.com\" target=\"_blank\">www.lefinberger.com<\/a><br \/>\n<a href=\"http:\/\/baumeaucoeur.files.wordpress.com\/2008\/08\/logosite.jpg\"><br \/>\n<\/a><\/p>\n","protected":false},"excerpt":{"rendered":"<p>Lors de mon retour au Qu\u00e9bec j&#8217;en ai profiter pour parcourir les boutiques de produits naturels. Je suis tomb\u00e9 sur une petite douceur des plus agr\u00e9able. Un savon avec une odeur divine ! Aux bleuets !! Oui oui il s&#8217;agit bien de myrtille et non de la fleur. Elle est faite par une entreprise agro-touristique sp\u00e9cialis\u00e9e dans la production de lait de brebis. Elle se nomme &#8220;Le Fin Berger inc.&#8220;. Un petit logo tout mignon et surtout des produits cr\u00e9er par une famille passionn\u00e9 de la terre et des produits du terroir ! Ils font de tout, fromages, savons, lotions, savons luffa, sels de bain, bombes de bain, huile de massage, chandelles, ainsi que des paniers cadeaux personnalis\u00e9s. Vous pouvez \u00e9galement visiter la ferme et rencontrer ces gens passionn\u00e9s par leur m\u00e9tier ! (je n&#8217;ai pas eu l&#8217;occasion d&#8217;y aller mais je n&#8217;y manquerais pas la prochaine fois !) Je vous invite \u00e0 visiter leur site m\u00eame si pour l&#8217;instant il est en construction ! www.lefinberger.com<\/p>\n","protected":false},"author":1,"featured_media":0,"comment_status":"closed","ping_status":"open","sticky":false,"template":"","format":"standard","meta":{"_jetpack_memberships_contains_paid_content":false,"footnotes":""},"categories":[461],"tags":[472,702,716,727,841,864],"class_list":["post-462","post","type-post","status-publish","format-standard","hentry","category-zone-decouvertes","tag-agro-touristique","tag-lait-brebis","tag-le-fin-berger","tag-luffa","tag-quebec","tag-savon"],"jetpack_featured_media_url":"","jetpack_shortlink":"https:\/\/wp.me\/p1OJAS-7s","jetpack_sharing_enabled":true,"_links":{"self":[{"href":"https:\/\/www.faitesmaison.com\/index.php\/wp-json\/wp\/v2\/posts\/462","targetHints":{"allow":["GET"]}}],"collection":[{"href":"https:\/\/www.faitesmaison.com\/index.php\/wp-json\/wp\/v2\/posts"}],"about":[{"href":"https:\/\/www.faitesmaison.com\/index.php\/wp-json\/wp\/v2\/types\/post"}],"author":[{"embeddable":true,"href":"https:\/\/www.faitesmaison.com\/index.php\/wp-json\/wp\/v2\/users\/1"}],"replies":[{"embeddable":true,"href":"https:\/\/www.faitesmaison.com\/index.php\/wp-json\/wp\/v2\/comments?post=462"}],"version-history":[{"count":0,"href":"https:\/\/www.faitesmaison.com\/index.php\/wp-json\/wp\/v2\/posts\/462\/revisions"}],"wp:attachment":[{"href":"https:\/\/www.faitesmaison.com\/index.php\/wp-json\/wp\/v2\/media?parent=462"}],"wp:term":[{"taxonomy":"category","embeddable":true,"href":"https:\/\/www.faitesmaison.com\/index.php\/wp-json\/wp\/v2\/categories?post=462"},{"taxonomy":"post_tag","embeddable":true,"href":"https:\/\/www.faitesmaison.com\/index.php\/wp-json\/wp\/v2\/tags?post=462"}],"curies":[{"name":"wp","href":"https:\/\/api.w.org\/{rel}","templated":true}]}}