{"id":3102,"date":"2010-08-31T16:46:43","date_gmt":"2010-08-31T16:46:43","guid":{"rendered":"http:\/\/www.baumeaucoeur-cosmetique.com\/?p=3102"},"modified":"2011-09-24T09:14:58","modified_gmt":"2011-09-24T07:14:58","slug":"100-mag-vendredi","status":"publish","type":"post","link":"https:\/\/www.faitesmaison.com\/index.php\/2010\/08\/100-mag-vendredi\/","title":{"rendered":"100% Mag Vendredi !"},"content":{"rendered":"<p><span style=\"color: #888888;\"><a href=\"http:\/\/www.faitesmaison.com\/\/index.php\/2010\/09\/100-mag-et-la-canneberge\/100mag2\/\" rel=\"attachment wp-att-5186\"><img loading=\"lazy\" decoding=\"async\" class=\"size-full wp-image-5186 alignleft\" title=\"100mag2\" src=\"http:\/\/www.faitesmaison.com\/wp-content\/uploads\/2010\/09\/100mag2.jpg\" alt=\"\" width=\"128\" height=\"128\" \/><\/a>On m&#8217;a contact\u00e9 il y a peu pour participer \u00e0 reportage sur 100% Mag.\u00a0 Apr\u00e8s que la journaliste m&#8217;ait pr\u00e9sent\u00e9 le sujet, j&#8217;ai tout de suite accept\u00e9.\u00a0 Pourquoi tout simplement car on parlera de canneberge.\u00a0 Quoi vous ne savez pas c&#8217;est quoi ?\u00a0 Mais oui&#8230; vous savez&#8230; la cranberry (nom en anglais).<\/span><\/p>\n<p><span style=\"color: #888888;\">J&#8217;y parlerais de mon utilisation au quotidien et proposerais une recette de cuisine.\u00a0 Pas assez de temps cette fois ci pour une recette cosm\u00e9tique&#8230; mais je vous pr\u00e9pare une belle recette cosm\u00e9tique d&#8217;ici lundi prochain en l&#8217;honneur de la canneberge !\u00a0 Je m&#8217;excuse d&#8217;avance&#8230; je suis assez timide donc j&#8217;esp\u00e8re que le reportage rendra bien quand m\u00eame.\u00a0 Vous pourrez d\u00e9couvrir par la m\u00eame occasion mon accent typique&#8230; celles et ceux qui me connaissent savent de quoi je parle. \ud83d\ude00<br \/>\n<\/span><\/p>\n<p style=\"text-align: center;\"><span style=\"color: #888888;\"><strong>Ce sera donc vendredi 3 septembre, \u00e0 18h40.<\/strong><\/span><\/p>\n<p style=\"text-align: center;\"><img loading=\"lazy\" decoding=\"async\" class=\"alignnone size-full wp-image-4146\" title=\"canneberge2\" src=\"http:\/\/www.faitesmaison.com\/wp-content\/uploads\/2011\/02\/canneberge2.jpg\" alt=\"\" width=\"128\" height=\"128\" \/> <img loading=\"lazy\" decoding=\"async\" class=\"alignnone size-full wp-image-4148\" title=\"canneberge\" src=\"http:\/\/www.faitesmaison.com\/wp-content\/uploads\/2011\/02\/canneberge.jpg\" alt=\"\" width=\"128\" height=\"128\" \/> <img loading=\"lazy\" decoding=\"async\" class=\"alignnone size-full wp-image-5179\" title=\"saucecanneberge\" src=\"http:\/\/www.faitesmaison.com\/wp-content\/uploads\/2010\/09\/saucecanneberge.jpg\" alt=\"\" width=\"128\" height=\"128\" \/><\/p>\n","protected":false},"excerpt":{"rendered":"<p>On m&#8217;a contact\u00e9 il y a peu pour participer \u00e0 reportage sur 100% Mag.\u00a0 Apr\u00e8s que la journaliste m&#8217;ait pr\u00e9sent\u00e9 le sujet, j&#8217;ai tout de suite accept\u00e9.\u00a0 Pourquoi tout simplement car on parlera de canneberge.\u00a0 Quoi vous ne savez pas c&#8217;est quoi ?\u00a0 Mais oui&#8230; vous savez&#8230; la cranberry (nom en anglais). J&#8217;y parlerais de mon utilisation au quotidien et proposerais une recette de cuisine.\u00a0 Pas assez de temps cette fois ci pour une recette cosm\u00e9tique&#8230; mais je vous pr\u00e9pare une belle recette cosm\u00e9tique d&#8217;ici lundi prochain en l&#8217;honneur de la canneberge !\u00a0 Je m&#8217;excuse d&#8217;avance&#8230; je suis assez timide donc j&#8217;esp\u00e8re que le reportage rendra bien quand m\u00eame.\u00a0 Vous pourrez d\u00e9couvrir par la m\u00eame occasion mon accent typique&#8230; celles et ceux qui me connaissent savent de quoi je parle. \ud83d\ude00 Ce sera donc vendredi 3 septembre, \u00e0 18h40.<\/p>\n","protected":false},"author":1,"featured_media":0,"comment_status":"open","ping_status":"open","sticky":false,"template":"","format":"standard","meta":{"_jetpack_memberships_contains_paid_content":false,"footnotes":""},"categories":[1063],"tags":[],"class_list":["post-3102","post","type-post","status-publish","format-standard","hentry","category-moi"],"jetpack_featured_media_url":"","jetpack_shortlink":"https:\/\/wp.me\/p1OJAS-O2","jetpack_sharing_enabled":true,"_links":{"self":[{"href":"https:\/\/www.faitesmaison.com\/index.php\/wp-json\/wp\/v2\/posts\/3102","targetHints":{"allow":["GET"]}}],"collection":[{"href":"https:\/\/www.faitesmaison.com\/index.php\/wp-json\/wp\/v2\/posts"}],"about":[{"href":"https:\/\/www.faitesmaison.com\/index.php\/wp-json\/wp\/v2\/types\/post"}],"author":[{"embeddable":true,"href":"https:\/\/www.faitesmaison.com\/index.php\/wp-json\/wp\/v2\/users\/1"}],"replies":[{"embeddable":true,"href":"https:\/\/www.faitesmaison.com\/index.php\/wp-json\/wp\/v2\/comments?post=3102"}],"version-history":[{"count":0,"href":"https:\/\/www.faitesmaison.com\/index.php\/wp-json\/wp\/v2\/posts\/3102\/revisions"}],"wp:attachment":[{"href":"https:\/\/www.faitesmaison.com\/index.php\/wp-json\/wp\/v2\/media?parent=3102"}],"wp:term":[{"taxonomy":"category","embeddable":true,"href":"https:\/\/www.faitesmaison.com\/index.php\/wp-json\/wp\/v2\/categories?post=3102"},{"taxonomy":"post_tag","embeddable":true,"href":"https:\/\/www.faitesmaison.com\/index.php\/wp-json\/wp\/v2\/tags?post=3102"}],"curies":[{"name":"wp","href":"https:\/\/api.w.org\/{rel}","templated":true}]}}