{"id":2608,"date":"2010-06-02T10:15:22","date_gmt":"2010-06-02T10:15:22","guid":{"rendered":"http:\/\/www.baumeaucoeur-cosmetique.com\/?p=2608"},"modified":"2011-09-24T09:31:37","modified_gmt":"2011-09-24T07:31:37","slug":"une-interview-realise-par-pearlbeauty-sur-mon-parcour","status":"publish","type":"post","link":"https:\/\/www.faitesmaison.com\/index.php\/2010\/06\/une-interview-realise-par-pearlbeauty-sur-mon-parcour\/","title":{"rendered":"Une interview r\u00e9alis\u00e9 par Pearl&amp;Beauty sur  mon parcours\u2026"},"content":{"rendered":"<p><span style=\"color: #888888;\">J&#8217;ai \u00e9t\u00e9 contact\u00e9 r\u00e9cemment par la gentille blogueuse de <a href=\"http:\/\/www.pearlandbeauty.fr\" target=\"_blank\">Pearl&amp;Beauty<\/a>, elle voulait r\u00e9aliser un petit <a href=\"http:\/\/www.pearlandbeauty.fr\/?p=3397\" target=\"_blank\">interview sur moi<\/a>, histoire de me pr\u00e9senter un peu plus \u00e0 la blogosph\u00e8re.\u00a0 Je me suis pr\u00eat\u00e9 au jeu avec beaucoup de joie.\u00a0 Cliquez sur l&#8217;image pour ci bas pour d\u00e9couvrir l&#8217;interview.<br \/>\n<\/span><\/p>\n<p style=\"text-align: center;\"><a href=\"http:\/\/www.pearlandbeauty.fr\/\" target=\"_blank\"><img loading=\"lazy\" decoding=\"async\" class=\"size-full wp-image-5191 aligncenter\" title=\"pb\" src=\"http:\/\/www.faitesmaison.com\/wp-content\/uploads\/2010\/06\/pb.jpg\" alt=\"\" width=\"350\" height=\"137\" srcset=\"https:\/\/www.faitesmaison.com\/wp-content\/uploads\/2010\/06\/pb.jpg 350w, https:\/\/www.faitesmaison.com\/wp-content\/uploads\/2010\/06\/pb-300x117.jpg 300w\" sizes=\"auto, (max-width: 350px) 100vw, 350px\" \/><\/a><\/p>\n<p style=\"text-align: left;\"><span style=\"color: #888888;\">Pour l&#8217;occasion, j&#8217;ai aussi r\u00e9alis\u00e9 deux recettes que vous pourrez d\u00e9couvrir sur son blog !<\/span><\/p>\n<p><span style=\"color: #888888;\">Deux recettes que je voulais sur le th\u00e8me de la France rencontre le Qu\u00e9bec.\u00a0 Des m\u00e9langes de produits typiquement fran\u00e7ais \u00e0 ceux de mon beau Qu\u00e9bec.\u00a0 J&#8217;ai donc r\u00e9alis\u00e9 une recette de masque purifiant et une cr\u00e8me corporelle aux acides de fruits.<br \/>\n<\/span><\/p>\n<p><a href=\"http:\/\/www.pearlandbeauty.fr\/?p=3397\" target=\"_blank\"><img loading=\"lazy\" decoding=\"async\" class=\"alignnone size-full wp-image-5194\" title=\"masqueeclat\" src=\"http:\/\/www.faitesmaison.com\/wp-content\/uploads\/2010\/06\/masqueeclat.jpg\" alt=\"\" width=\"182\" height=\"146\" \/><\/a> <a href=\"http:\/\/www.pearlandbeauty.fr\/?p=3397\" target=\"_blank\"><img loading=\"lazy\" decoding=\"async\" class=\"alignnone size-full wp-image-5193\" title=\"cremeacidedefruit\" src=\"http:\/\/www.faitesmaison.com\/wp-content\/uploads\/2010\/06\/cremeacidedefruit.jpg\" alt=\"\" width=\"182\" height=\"146\" \/><\/a> <img loading=\"lazy\" decoding=\"async\" class=\"alignnone size-full wp-image-4576\" title=\"francequebec\" src=\"http:\/\/www.faitesmaison.com\/wp-content\/uploads\/2011\/09\/francequebec.jpg\" alt=\"\" width=\"182\" height=\"146\" \/><\/p>\n<p><span style=\"color: #888888;\">Encore grand merci \u00e0 elle&#8230; l&#8217;\u00e9change fut des plus agr\u00e9able !\u00a0 Si jamais on vous propose l&#8217;exp\u00e9rience&#8230; allez y \u00e7a vaut largement l&#8217;exp\u00e9rience !<br \/>\n<\/span><\/p>\n","protected":false},"excerpt":{"rendered":"<p>J&#8217;ai \u00e9t\u00e9 contact\u00e9 r\u00e9cemment par la gentille blogueuse de Pearl&amp;Beauty, elle voulait r\u00e9aliser un petit interview sur moi, histoire de me pr\u00e9senter un peu plus \u00e0 la blogosph\u00e8re.\u00a0 Je me suis pr\u00eat\u00e9 au jeu avec beaucoup de joie.\u00a0 Cliquez sur l&#8217;image pour ci bas pour d\u00e9couvrir l&#8217;interview. Pour l&#8217;occasion, j&#8217;ai aussi r\u00e9alis\u00e9 deux recettes que vous pourrez d\u00e9couvrir sur son blog ! Deux recettes que je voulais sur le th\u00e8me de la France rencontre le Qu\u00e9bec.\u00a0 Des m\u00e9langes de produits typiquement fran\u00e7ais \u00e0 ceux de mon beau Qu\u00e9bec.\u00a0 J&#8217;ai donc r\u00e9alis\u00e9 une recette de masque purifiant et une cr\u00e8me corporelle aux acides de fruits. Encore grand merci \u00e0 elle&#8230; l&#8217;\u00e9change fut des plus agr\u00e9able !\u00a0 Si jamais on vous propose l&#8217;exp\u00e9rience&#8230; allez y \u00e7a vaut largement l&#8217;exp\u00e9rience !<\/p>\n","protected":false},"author":1,"featured_media":0,"comment_status":"open","ping_status":"open","sticky":false,"template":"","format":"standard","meta":{"_jetpack_memberships_contains_paid_content":false,"footnotes":""},"categories":[1063],"tags":[],"class_list":["post-2608","post","type-post","status-publish","format-standard","hentry","category-moi"],"jetpack_featured_media_url":"","jetpack_shortlink":"https:\/\/wp.me\/p1OJAS-G4","jetpack_sharing_enabled":true,"_links":{"self":[{"href":"https:\/\/www.faitesmaison.com\/index.php\/wp-json\/wp\/v2\/posts\/2608","targetHints":{"allow":["GET"]}}],"collection":[{"href":"https:\/\/www.faitesmaison.com\/index.php\/wp-json\/wp\/v2\/posts"}],"about":[{"href":"https:\/\/www.faitesmaison.com\/index.php\/wp-json\/wp\/v2\/types\/post"}],"author":[{"embeddable":true,"href":"https:\/\/www.faitesmaison.com\/index.php\/wp-json\/wp\/v2\/users\/1"}],"replies":[{"embeddable":true,"href":"https:\/\/www.faitesmaison.com\/index.php\/wp-json\/wp\/v2\/comments?post=2608"}],"version-history":[{"count":0,"href":"https:\/\/www.faitesmaison.com\/index.php\/wp-json\/wp\/v2\/posts\/2608\/revisions"}],"wp:attachment":[{"href":"https:\/\/www.faitesmaison.com\/index.php\/wp-json\/wp\/v2\/media?parent=2608"}],"wp:term":[{"taxonomy":"category","embeddable":true,"href":"https:\/\/www.faitesmaison.com\/index.php\/wp-json\/wp\/v2\/categories?post=2608"},{"taxonomy":"post_tag","embeddable":true,"href":"https:\/\/www.faitesmaison.com\/index.php\/wp-json\/wp\/v2\/tags?post=2608"}],"curies":[{"name":"wp","href":"https:\/\/api.w.org\/{rel}","templated":true}]}}