{"id":2204,"date":"2009-04-03T11:00:36","date_gmt":"2009-04-03T11:00:36","guid":{"rendered":"http:\/\/baumeaucoeur.wordpress.com\/?p=2204"},"modified":"2011-02-19T12:27:50","modified_gmt":"2011-02-19T12:27:50","slug":"parfum-exotique","status":"publish","type":"post","link":"https:\/\/www.faitesmaison.com\/index.php\/2009\/04\/parfum-exotique\/","title":{"rendered":"Parfum exotique"},"content":{"rendered":"<p><span style=\"color:#888888;\">Avec l&#8217;\u00e9t\u00e9 qui arrive j&#8217;ai une grande envie d&#8217;odeurs exotiques.  La noix de coco, les ananas, le mono\u00ef&#8230; ahhh \u00e7a fait r\u00eaver n&#8217;est ce pas ?  Bien voici de quoi remplir vos narines de la couleur des \u00eeles !<\/span><\/p>\n<p><span style=\"color:#888888;\">35 ml alcool \u00e0 90\u00b0<br \/>\n60 gouttes extrait coco<br \/>\n10 gouttes absolue de tonka<br \/>\n1 pointe au couteau absolue frangipanier<br \/>\n20 gouttes extrait de vanille<br \/>\n10 gouttes extrait ananas<br \/>\n20 gouttes extrait poire<br \/>\n1 pointe extrait CO2 d&#8217;iris (pour la tenue du parfum)<\/span><\/p>\n<p><a href=\"http:\/\/baumeaucoeur.wordpress.com\/\" target=\"_self\"><img loading=\"lazy\" decoding=\"async\" class=\"alignnone size-full wp-image-115\" title=\"ananas2\" src=\"http:\/\/baumeaucoeur.files.wordpress.com\/2008\/04\/ananas2.jpg\" alt=\"ananas2\" width=\"128\" height=\"128\" \/><\/a> <a href=\"http:\/\/baumeaucoeur.wordpress.com\/\" target=\"_self\"><img loading=\"lazy\" decoding=\"async\" class=\"alignnone size-full wp-image-62\" title=\"noixdecoco\" src=\"http:\/\/baumeaucoeur.files.wordpress.com\/2008\/01\/coco.jpg\" alt=\"noixdecoco\" width=\"128\" height=\"128\" \/><\/a> <a href=\"http:\/\/baumeaucoeur.wordpress.com\/\" target=\"_self\"><img loading=\"lazy\" decoding=\"async\" class=\"alignnone size-full wp-image-2206\" title=\"parfumexotique\" src=\"http:\/\/baumeaucoeur.files.wordpress.com\/2009\/04\/parfumexotique.jpg\" alt=\"parfumexotique\" width=\"128\" height=\"128\" \/><\/a><\/p>\n<h5><span style=\"color:#888888;\">Difficult\u00e9 : <\/span><img loading=\"lazy\" decoding=\"async\" class=\"alignnone size-full wp-image-1495\" title=\"star\" src=\"http:\/\/baumeaucoeur.files.wordpress.com\/2009\/01\/star.jpg?w=8&amp;h=8&amp;h=8\" alt=\"star\" width=\"8\" height=\"8\" \/> <img loading=\"lazy\" decoding=\"async\" class=\"alignnone size-full wp-image-1495\" title=\"star\" src=\"http:\/\/baumeaucoeur.files.wordpress.com\/2009\/01\/star.jpg?w=8&amp;h=8&amp;h=8\" alt=\"star\" width=\"8\" height=\"8\" \/> <img loading=\"lazy\" decoding=\"async\" class=\"alignnone size-full wp-image-1501\" title=\"greystar3\" src=\"http:\/\/baumeaucoeur.files.wordpress.com\/2009\/01\/greystar3.jpg?w=8&amp;h=8&amp;h=8\" alt=\"greystar3\" width=\"8\" height=\"8\" \/> <img loading=\"lazy\" decoding=\"async\" class=\"alignnone size-full wp-image-1501\" title=\"greystar3\" src=\"http:\/\/baumeaucoeur.files.wordpress.com\/2009\/01\/greystar3.jpg?w=8&amp;h=8&amp;h=8\" alt=\"greystar3\" width=\"8\" height=\"8\" \/><span style=\"color:#ffffff;\"> <\/span><span style=\"color:#ffffff;\"> \u2013\u2013<\/span><span style=\"color:#888888;\">Conservation :<\/span><span style=\"color:#de1d6e;\"> 12 mois <\/span><span style=\"color:#ffffff;\">\u2014\u2013<\/span><span style=\"color:#999999;\">Contenance :<\/span><span style=\"color:#de1d6e;\"> 30 ml<\/span><\/h5>\n<p>M\u00e9langer tous vos ingr\u00e9dients \u00e0 l&#8217;alcool et laisser mac\u00e9rer pendant un mois dans un flacon clair.  Laisser le flacon \u00e0 la lumi\u00e8re mais pas directement au soleil.  Au bout d&#8217;un mois, filtrer votre parfum et transvaser le dans un joli flacon !  Vous serez \u00e0 croquer !!<\/p>\n<p><span style=\"color:#888888;\">Mes impressions : Le parfum \u00e0 une d\u00e9licieuse odeur fruit\u00e9 au d\u00e9but, surtout l&#8217;ananas et laisse ressortir une odeur plus vanill\u00e9 et douce vers la fin.\u00a0 J&#8217;en suis vraiment satisfaite !!<\/span><\/p>\n<p>Vous pouvez imprimer cette \u00e9tiquette pour agr\u00e9menter un peu votre jolie flacon !<\/p>\n<p><a href=\"http:\/\/baumeaucoeur.wordpress.com\/\" target=\"_self\"><img loading=\"lazy\" decoding=\"async\" class=\"alignnone size-full wp-image-2210\" title=\"parfumexotique2\" src=\"http:\/\/baumeaucoeur.files.wordpress.com\/2009\/04\/parfumexotique2.jpg\" alt=\"parfumexotique2\" width=\"170\" height=\"227\" \/><\/a><\/p>\n","protected":false},"excerpt":{"rendered":"<p>Avec l&#8217;\u00e9t\u00e9 qui arrive j&#8217;ai une grande envie d&#8217;odeurs exotiques. La noix de coco, les ananas, le mono\u00ef&#8230; ahhh \u00e7a fait r\u00eaver n&#8217;est ce pas ? Bien voici de quoi remplir vos narines de la couleur des \u00eeles ! 35 ml alcool \u00e0 90\u00b0 60 gouttes extrait coco 10 gouttes absolue de tonka 1 pointe au couteau absolue frangipanier 20 gouttes extrait de vanille 10 gouttes extrait ananas 20 gouttes extrait poire 1 pointe extrait CO2 d&#8217;iris (pour la tenue du parfum) Difficult\u00e9 : \u2013\u2013Conservation : 12 mois \u2014\u2013Contenance : 30 ml M\u00e9langer tous vos ingr\u00e9dients \u00e0 l&#8217;alcool et laisser mac\u00e9rer pendant un mois dans un flacon clair. Laisser le flacon \u00e0 la lumi\u00e8re mais pas directement au soleil. Au bout d&#8217;un mois, filtrer votre parfum et transvaser le dans un joli flacon ! Vous serez \u00e0 croquer !! Mes impressions : Le parfum \u00e0 une d\u00e9licieuse odeur fruit\u00e9 au d\u00e9but, surtout l&#8217;ananas et laisse ressortir une odeur plus vanill\u00e9 et douce vers la fin.\u00a0 J&#8217;en suis vraiment satisfaite !! Vous pouvez imprimer cette \u00e9tiquette pour agr\u00e9menter un peu votre jolie flacon !<\/p>\n","protected":false},"author":1,"featured_media":0,"comment_status":"closed","ping_status":"open","sticky":false,"template":"","format":"standard","meta":{"_jetpack_memberships_contains_paid_content":false,"footnotes":""},"categories":[420],"tags":[36,116,620,166,188,293,296,823,921,390],"class_list":["post-2204","post","type-post","status-publish","format-standard","hentry","category-femme","tag-ananas","tag-coco","tag-exotique","tag-extrait-aromatique","tag-frangipanier","tag-parfum","tag-parfum-fait-maison","tag-poire","tag-tonka","tag-vanille"],"jetpack_featured_media_url":"","jetpack_shortlink":"https:\/\/wp.me\/p1OJAS-zy","jetpack_sharing_enabled":true,"_links":{"self":[{"href":"https:\/\/www.faitesmaison.com\/index.php\/wp-json\/wp\/v2\/posts\/2204","targetHints":{"allow":["GET"]}}],"collection":[{"href":"https:\/\/www.faitesmaison.com\/index.php\/wp-json\/wp\/v2\/posts"}],"about":[{"href":"https:\/\/www.faitesmaison.com\/index.php\/wp-json\/wp\/v2\/types\/post"}],"author":[{"embeddable":true,"href":"https:\/\/www.faitesmaison.com\/index.php\/wp-json\/wp\/v2\/users\/1"}],"replies":[{"embeddable":true,"href":"https:\/\/www.faitesmaison.com\/index.php\/wp-json\/wp\/v2\/comments?post=2204"}],"version-history":[{"count":0,"href":"https:\/\/www.faitesmaison.com\/index.php\/wp-json\/wp\/v2\/posts\/2204\/revisions"}],"wp:attachment":[{"href":"https:\/\/www.faitesmaison.com\/index.php\/wp-json\/wp\/v2\/media?parent=2204"}],"wp:term":[{"taxonomy":"category","embeddable":true,"href":"https:\/\/www.faitesmaison.com\/index.php\/wp-json\/wp\/v2\/categories?post=2204"},{"taxonomy":"post_tag","embeddable":true,"href":"https:\/\/www.faitesmaison.com\/index.php\/wp-json\/wp\/v2\/tags?post=2204"}],"curies":[{"name":"wp","href":"https:\/\/api.w.org\/{rel}","templated":true}]}}