{"id":1771,"date":"2009-03-10T17:00:42","date_gmt":"2009-03-10T17:00:42","guid":{"rendered":"http:\/\/baumeaucoeur.wordpress.com\/?p=1771"},"modified":"2011-04-22T17:06:27","modified_gmt":"2011-04-22T17:06:27","slug":"savon-lavande-lactee","status":"publish","type":"post","link":"https:\/\/www.faitesmaison.com\/index.php\/2009\/03\/savon-lavande-lactee\/","title":{"rendered":"Savon &quot;Lavande lact\u00e9e&quot;"},"content":{"rendered":"<p><span style=\"color:#888888;\">J&#8217;aime beaucoup l&#8217;odeur douce et ensoleill\u00e9 de la lavande et l&#8217;odeur riche et cr\u00e9meuse du chocolat blanc.\u00a0 J&#8217;ai donc voulu en faire un savon pour profiter pleinement et sans cons\u00e9quence de ces combinaisons.\u00a0 Voici ma petite recette douce et gourmande !<\/span><\/p>\n<p><span style=\"color:#888888;\">39 % hv coco<br \/>\n29 % hv olive<br \/>\n8 % beurre de karit\u00e9<br \/>\n24 % hv s\u00e9same<br \/>\neau et soude \u00e0 recalculer<\/span><\/p>\n<p><span style=\"color:#888888;\">A la trace :<br \/>\nhe lavande fine<br \/>\nextrait aromatique de chocolat blanc<br \/>\nfleur de lavande s\u00e9ch\u00e9<\/span><\/p>\n<p><span style=\"color:#888888;\">INS : 160<\/span><\/p>\n<p><a href=\"http:\/\/baumeaucoeur.wordpress.com\/\" target=\"_self\"><img loading=\"lazy\" decoding=\"async\" class=\"alignnone size-full wp-image-1186\" title=\"lavande2\" src=\"http:\/\/baumeaucoeur.files.wordpress.com\/2008\/10\/lavande2.jpg\" alt=\"lavande2\" width=\"128\" height=\"128\" \/><\/a> <a href=\"http:\/\/baumeaucoeur.wordpress.com\/\" target=\"_self\"><img loading=\"lazy\" decoding=\"async\" class=\"alignnone size-full wp-image-1775\" title=\"chocolatblanc\" src=\"http:\/\/baumeaucoeur.files.wordpress.com\/2009\/03\/chocolatblanc.jpg\" alt=\"chocolatblanc\" width=\"128\" height=\"128\" \/><\/a> <a href=\"http:\/\/baumeaucoeur.wordpress.com\/\" target=\"_self\"><img loading=\"lazy\" decoding=\"async\" class=\"alignnone size-full wp-image-1772\" title=\"savonlavandechoco\" src=\"http:\/\/baumeaucoeur.files.wordpress.com\/2009\/03\/savonlavandechoco.jpg\" alt=\"savonlavandechoco\" width=\"128\" height=\"128\" \/><\/a><\/p>\n<h5><span style=\"color:#888888;\">Difficult\u00e9 : <\/span><img loading=\"lazy\" decoding=\"async\" class=\"alignnone size-full wp-image-1495\" title=\"star\" src=\"http:\/\/baumeaucoeur.files.wordpress.com\/2009\/01\/star.jpg?w=8&amp;h=8&amp;h=8\" alt=\"star\" width=\"8\" height=\"8\" \/> <img loading=\"lazy\" decoding=\"async\" class=\"alignnone size-full wp-image-1495\" title=\"star\" src=\"http:\/\/baumeaucoeur.files.wordpress.com\/2009\/01\/star.jpg?w=8&amp;h=8&amp;h=8\" alt=\"star\" width=\"8\" height=\"8\" \/> <img loading=\"lazy\" decoding=\"async\" class=\"alignnone size-full wp-image-1495\" title=\"star\" src=\"http:\/\/baumeaucoeur.files.wordpress.com\/2009\/01\/star.jpg?w=8&amp;h=8&amp;h=8\" alt=\"star\" width=\"8\" height=\"8\" \/> <img loading=\"lazy\" decoding=\"async\" class=\"alignnone size-full wp-image-1495\" title=\"star\" src=\"http:\/\/baumeaucoeur.files.wordpress.com\/2009\/01\/star.jpg?w=8&amp;h=8&amp;h=8\" alt=\"star\" width=\"8\" height=\"8\" \/><span style=\"color:#ffffff;\">\u2014\u2013<\/span><span style=\"color:#888888;\">Conservation :<\/span><span style=\"color:#de1d6e;\"> plusieurs mois <\/span><span style=\"color:#ffffff;\">\u2014<\/span><\/h5>\n<p>Faire fondre les huiles ensemble.\u00a0 Ajouter la soude \u00e0 l\u2019eau et laisser refroidir.\u00a0 Lorsque les deux m\u00e9langes sont de temp\u00e9rature ambiante, verser le m\u00e9lange soude\/eau dans vos huiles et mixer jusqu\u2019\u00e0 l\u2019apparition de la trace.\u00a0 Ensuite ajouter le reste de vos ingr\u00e9dients et verser le tout dans vos moules.\u00a0 Attendez 48 h avant le d\u00e9moulage et r\u00e9server le tout dans un endroit sec pour le s\u00e9chage d\u2019environ un mois.<\/p>\n<p><span style=\"color:#888888;\">J&#8217;\u00e9tais un peu d\u00e9\u00e7ue par contre que mes fleurs de lavandes brunissent le dessus du savon pendant la cure&#8230; vous savez pourquoi ?<\/p>\n<p><\/span>Vous pouvez imprimer cette \u00e9tiquette pour agr\u00e9menter un peu vos petits savons !<br \/>\n<img loading=\"lazy\" decoding=\"async\" class=\"alignnone size-full wp-image-1790\" title=\"savonlavandelacte\" src=\"http:\/\/baumeaucoeur.files.wordpress.com\/2009\/03\/savonlavandelacte.jpg\" alt=\"savonlavandelacte\" width=\"148\" height=\"146\" \/><\/p>\n","protected":false},"excerpt":{"rendered":"<p>J&#8217;aime beaucoup l&#8217;odeur douce et ensoleill\u00e9 de la lavande et l&#8217;odeur riche et cr\u00e9meuse du chocolat blanc.\u00a0 J&#8217;ai donc voulu en faire un savon pour profiter pleinement et sans cons\u00e9quence de ces combinaisons.\u00a0 Voici ma petite recette douce et gourmande ! 39 % hv coco 29 % hv olive 8 % beurre de karit\u00e9 24 % hv s\u00e9same eau et soude \u00e0 recalculer A la trace : he lavande fine extrait aromatique de chocolat blanc fleur de lavande s\u00e9ch\u00e9 INS : 160 Difficult\u00e9 : \u2014\u2013Conservation : plusieurs mois \u2014 Faire fondre les huiles ensemble.\u00a0 Ajouter la soude \u00e0 l\u2019eau et laisser refroidir.\u00a0 Lorsque les deux m\u00e9langes sont de temp\u00e9rature ambiante, verser le m\u00e9lange soude\/eau dans vos huiles et mixer jusqu\u2019\u00e0 l\u2019apparition de la trace.\u00a0 Ensuite ajouter le reste de vos ingr\u00e9dients et verser le tout dans vos moules.\u00a0 Attendez 48 h avant le d\u00e9moulage et r\u00e9server le tout dans un endroit sec pour le s\u00e9chage d\u2019environ un mois. J&#8217;\u00e9tais un peu d\u00e9\u00e7ue par contre que mes fleurs de lavandes brunissent le dessus du savon pendant la cure&#8230; vous savez pourquoi ? Vous pouvez imprimer cette \u00e9tiquette pour agr\u00e9menter un peu vos petits savons !<\/p>\n","protected":false},"author":1,"featured_media":0,"comment_status":"closed","ping_status":"open","sticky":false,"template":"","format":"standard","meta":{"_jetpack_memberships_contains_paid_content":false,"footnotes":""},"categories":[1059,1056,1061,443],"tags":[61,98,573,116,147,639,211,683,239,864,365],"class_list":["post-1771","post","type-post","status-publish","format-standard","hentry","category-avec-huiles-essentielles","category-les-fleuris","category-les-sucres","category-savons","tag-beurre-de-karite","tag-chocolat","tag-chocolat-blanc","tag-coco","tag-eau","tag-fleurs","tag-huile-olive","tag-huile-sesame","tag-lavande","tag-savon","tag-soude"],"jetpack_featured_media_url":"","jetpack_shortlink":"https:\/\/wp.me\/p1OJAS-sz","jetpack_sharing_enabled":true,"_links":{"self":[{"href":"https:\/\/www.faitesmaison.com\/index.php\/wp-json\/wp\/v2\/posts\/1771","targetHints":{"allow":["GET"]}}],"collection":[{"href":"https:\/\/www.faitesmaison.com\/index.php\/wp-json\/wp\/v2\/posts"}],"about":[{"href":"https:\/\/www.faitesmaison.com\/index.php\/wp-json\/wp\/v2\/types\/post"}],"author":[{"embeddable":true,"href":"https:\/\/www.faitesmaison.com\/index.php\/wp-json\/wp\/v2\/users\/1"}],"replies":[{"embeddable":true,"href":"https:\/\/www.faitesmaison.com\/index.php\/wp-json\/wp\/v2\/comments?post=1771"}],"version-history":[{"count":0,"href":"https:\/\/www.faitesmaison.com\/index.php\/wp-json\/wp\/v2\/posts\/1771\/revisions"}],"wp:attachment":[{"href":"https:\/\/www.faitesmaison.com\/index.php\/wp-json\/wp\/v2\/media?parent=1771"}],"wp:term":[{"taxonomy":"category","embeddable":true,"href":"https:\/\/www.faitesmaison.com\/index.php\/wp-json\/wp\/v2\/categories?post=1771"},{"taxonomy":"post_tag","embeddable":true,"href":"https:\/\/www.faitesmaison.com\/index.php\/wp-json\/wp\/v2\/tags?post=1771"}],"curies":[{"name":"wp","href":"https:\/\/api.w.org\/{rel}","templated":true}]}}